{"id":91239,"date":"2025-01-13T09:00:41","date_gmt":"2025-01-13T09:00:41","guid":{"rendered":"https:\/\/hotelgrumsbarcelona.com\/?p=91239"},"modified":"2025-03-26T08:49:49","modified_gmt":"2025-03-26T08:49:49","slug":"le-charme-du-quartier-de-poble-sec-a-barcelone","status":"publish","type":"post","link":"https:\/\/hotelgrumsbarcelona.com\/fr\/le-charme-du-quartier-de-poble-sec-a-barcelone\/","title":{"rendered":"Le charme du quartier de Poble-Sec \u00e0 Barcelone"},"content":{"rendered":"<h1><b>Le charme du quartier de Poble-Sec \u00e0 Barcelone<\/b><\/h1>\n<p><span style=\"font-weight: 400;\">Le quartier du Poble-Sec, cr\u00e9\u00e9 entre la seconde moiti\u00e9 du XVIIIe si\u00e8cle et le d\u00e9but du XIXe si\u00e8cle, est l&rsquo;un des quartiers les plus multiculturels et les plus charmants de la ville de Barcelone.<\/span><\/p>\n<p><span style=\"font-weight: 400;\">Situ\u00e9 entre le quartier d&rsquo;El Raval et la montagne de Montju\u00efc, ce quartier se distingue par son dynamisme et son animation. Poble-Sec offre une multitude d&rsquo;activit\u00e9s culturelles, de lieux de divertissement et une grande vari\u00e9t\u00e9 de propositions gastronomiques qui vous permettront d&rsquo;appr\u00e9cier l&rsquo;authentique cuisine catalane et les saveurs internationales \u00e0 Barcelone. <\/span><\/p>\n<p><span style=\"font-weight: 400;\">Dans cet article, nous vous pr\u00e9sentons les meilleures activit\u00e9s et lieux d&rsquo;int\u00e9r\u00eat du Poble-Sec, un quartier qui, bien qu&rsquo;encore peu connu des touristes, poss\u00e8de un grand charme et offre une exp\u00e9rience unique \u00e0 Barcelone.<\/span><\/p>\n<h3><b>Th\u00e9\u00e2tres \u00e0 Poble-Sec<\/b><\/h3>\n<p><span style=\"font-weight: 400;\">L&rsquo;un des principaux attraits du Poble-Sec est son<\/span> <b>offre culturelle<\/b><span style=\"font-weight: 400;\">. <\/span><b>Le quartier est c\u00e9l\u00e8bre pour sa vie th\u00e9\u00e2trale, avec certains des th\u00e9\u00e2tres les plus embl\u00e9matiques de Barcelone.<\/b><span style=\"font-weight: 400;\">. En lugar de los grandes y ruidosos teatros tur\u00edsticos, aqu\u00ed encontrar\u00e1s espacios m\u00e1s \u00edntimos y con una programaci\u00f3n diversa que combina lo cl\u00e1sico con lo contempor\u00e1neo. Entre los teatros m\u00e1s representativos podemos destacar los siguientes: <\/span><\/p>\n<p><b>Th\u00e9\u00e2tre Apolo<\/b><\/p>\n<p><span style=\"font-weight: 400;\">Teatre ApoloFond\u00e9 en 1905, le Teatre Apolo est l&rsquo;un des plus anciens th\u00e9\u00e2tres de Barcelone. Avec un programme qui comprend <\/span><b>des com\u00e9dies musicales et des com\u00e9dies, des concerts et des spectacles de vari\u00e9t\u00e9s<\/b><span style=\"font-weight: 400;\">L&rsquo;Apolo continue d&rsquo;\u00eatre une r\u00e9f\u00e9rence culturelle dans la ville. Son atmosph\u00e8re historique se m\u00eale \u00e0 la modernit\u00e9 des productions qu&rsquo;il propose, ce qui en fait l&rsquo;endroit id\u00e9al pour profiter d&rsquo;une soir\u00e9e culturelle. <\/span><\/p>\n<p><b>Th\u00e9\u00e2tre Condal<\/b><\/p>\n<p><span style=\"font-weight: 400;\">Situ\u00e9 sur la c\u00e9l\u00e8bre Avinguda del Paral-lel, le Teatre Condal a une longue histoire qui a commenc\u00e9 en 1903. S&rsquo;il \u00e9tait initialement connu pour ses spectacles de cirque et de pantomime, il propose aujourd&rsquo;hui une programmation vari\u00e9e, allant des com\u00e9dies aux spectacles dramatiques de haut niveau. C&rsquo;est un lieu id\u00e9al pour ceux qui souhaitent profiter d&rsquo;un bon spectacle dans un cadre charg\u00e9 d&rsquo;histoire. <\/span><\/p>\n<p><b>El Molino<\/b><\/p>\n<p><span style=\"font-weight: 400;\">Si l&rsquo;on parle d&rsquo;ic\u00f4nes culturelles \u00e0 Poble-Sec, on ne peut pas ne pas mentionner El Molino, qui a ouvert ses portes en 1898. Ce caf\u00e9-concert, connu sous le nom de \u00ab Petit Moulin Rouge \u00bb parce qu&rsquo;il s&rsquo;inspire du c\u00e9l\u00e8bre cabaret parisien, est encore aujourd&rsquo;hui un lieu vivant qui a su s&rsquo;adapter \u00e0 l&rsquo;\u00e9volution de la soci\u00e9t\u00e9. <\/span><b>allie le charme du pass\u00e9 \u00e0 la modernit\u00e9<\/b><span style=\"font-weight: 400;\">. En El Molino, se pueden disfrutar de <\/span><b>Des spectacles de flamenco, du jazz, des com\u00e9dies en direct<\/b> <span style=\"font-weight: 400;\">et des soir\u00e9es endiabl\u00e9es en font un centre culturel et artistique unique \u00e0 Barcelone.<\/span><\/p>\n<h3><b>Gastronomie<\/b><\/h3>\n<p><span style=\"font-weight: 400;\">Le quartier du Poble-Sec est r\u00e9put\u00e9 pour sa sc\u00e8ne gastronomique dynamique, qui refl\u00e8te la diversit\u00e9 culturelle de Barcelone. Les rues et les restaurants les plus connus sont les suivants : <\/span><\/p>\n<h4><b>Rue Blai<\/b><\/h4>\n<p><span style=\"font-weight: 400;\">Connue sous le nom de \u00ab rue des pinchos \u00bb, la Carrer de Blai est une rue pi\u00e9tonne tr\u00e8s anim\u00e9e gr\u00e2ce \u00e0 ses bars et restaurants<\/span> <b>qui servent des tapas, des pinchos et des plats m\u00e9diterran\u00e9ens.<\/b><span style=\"font-weight: 400;\">. Aqu\u00ed podr\u00e1s probar desde las t\u00edpicas tapas espa\u00f1olas hasta innovadoras combinaciones gastron\u00f3micas que reflejan la diversidad cultural del barrio. <\/span><\/p>\n<ul>\n<li style=\"font-weight: 400;\" aria-level=\"1\"><b>La Tasqueta de Blai : <\/b><span style=\"font-weight: 400;\">un endroit agr\u00e9able o\u00f9 vous pouvez d\u00e9guster de d\u00e9licieux pinchos et tapas.<\/span><\/li>\n<\/ul>\n<p>&nbsp;<\/p>\n<ul>\n<li style=\"font-weight: 400;\" aria-level=\"1\"><b>Mano Rota: <\/b><span style=\"font-weight: 400;\">restaurant cr\u00e9atif fusionnant les cuisines internationales avec un menu d\u00e9gustation innovant et surprenant.<\/span><\/li>\n<\/ul>\n<h4><b>Avinguda del Paral-lel<\/b><\/h4>\n<p><span style=\"font-weight: 400;\">Outre son offre culturelle, l&rsquo;Avinguda del Paral-lel est un autre point fort du Poble-Sec en termes de gastronomie. Vous y trouverez certains des restaurants les plus innovants de la ville. <\/span><\/p>\n<ul>\n<li style=\"font-weight: 400;\" aria-level=\"1\"><b>Casa Xica: <\/b><span style=\"font-weight: 400;\">un restaurant qui fusionne la cuisine catalane et asiatique, proposant des plats uniques et pleins de saveurs.<\/span><\/li>\n<li style=\"font-weight: 400;\" aria-level=\"1\"><b>4Tickets : <\/b><span style=\"font-weight: 400;\">Un lieu id\u00e9al pour les amateurs de tapas modernes et cr\u00e9atives, o\u00f9 chaque plat est une r\u00e9interpr\u00e9tation avant-gardiste de la gastronomie espagnole.<\/span><\/li>\n<\/ul>\n<h3><b>Actividades culturales y al aire libre<\/b><\/h3>\n<p><span style=\"font-weight: 400;\">Au-del\u00e0 des th\u00e9\u00e2tres et de la gastronomie, Poble-Sec a beaucoup \u00e0 offrir en termes<\/span> <b>d&rsquo;activit\u00e9s culturelles et d&rsquo;espaces ext\u00e9rieurs.<\/b><span style=\"font-weight: 400;\">. En los \u00faltimos a\u00f1os, el barrio ha ido ganando popularidad como punto de encuentro para eventos culturales, festivales y actividades comunitarias entre las que podemos destacar las siguientes: <\/span><\/p>\n<h4><b>F\u00eate de la ville de Poble-Sec<\/b><\/h4>\n<p><span style=\"font-weight: 400;\">C\u00e9l\u00e9br\u00e9e en juillet, la Fiesta Mayor est l&rsquo;\u00e9v\u00e9nement le plus attendu de l&rsquo;ann\u00e9e dans le quartier. Au cours de la f\u00eate, des spectacles de <\/span><b>danse traditionnelle catalane, concerts en plein air et activit\u00e9s pour toute la famille<\/b><span style=\"font-weight: 400;\">. Adem\u00e1s, las calles se decoran tem\u00e1ticamente y se pueden degustar delicias gastron\u00f3micas en los puestos callejeros. <\/span><\/p>\n<h4><b>Nature \u00e0 Montju\u00efc<\/b><\/h4>\n<p><span style=\"font-weight: 400;\">Au pied de la montagne Montju\u00efc, Poble-Sec est un point de d\u00e9part id\u00e9al pour s&rsquo;\u00e9loigner de l&rsquo;agitation du centre-ville. Voici quelques-uns des points forts de la ville : <\/span><\/p>\n<ul>\n<li style=\"font-weight: 400;\" aria-level=\"1\"><b>Parc de Montju\u00efcbold : <\/b><span style=\"font-weight: 400;\">id\u00e9al pour se promener, faire de l&rsquo;exercice ou profiter de la vue panoramique sur Barcelone.<\/span><\/li>\n<li style=\"font-weight: 400;\" aria-level=\"1\"><b>Poble Espanyol : <\/b><span style=\"font-weight: 400;\">Un espace unique qui recr\u00e9e l&rsquo;<\/span><b>architecture espagnole traditionnelle<\/b> <span style=\"font-weight: 400;\">et propose des expositions d&rsquo;art.<\/span><\/li>\n<\/ul>\n<p><span style=\"font-weight: 400;\">Poble Espanyol: Un espacio \u00fanico que recrea la arquitectura tradicional espa\u00f1ola y ofrece exposiciones de arte.<\/span><\/p>\n<h4><b>March\u00e9s locaux<\/b><\/h4>\n<p><b>Mercat de Sant Antoni : <\/b><span style=\"font-weight: 400;\">Construit en 1882, ce march\u00e9 historique propose des produits frais locaux et dispose<\/span> <b>d&rsquo;un espace d\u00e9di\u00e9 aux livres, bandes dessin\u00e9es et objets de collection,<\/b> <span style=\"font-weight: 400;\">id\u00e9al pour les amateurs de vintage.<\/span><span style=\"font-weight: 400;\">Comme nous l&rsquo;avons vu, le quartier du Poble-Sec est une \u00e9tape incontournable de votre visite \u00e0 Barcelone. Avec son m\u00e9lange d&rsquo;histoire, de culture, de divertissement et de gastronomie, il offre une exp\u00e9rience unique et authentique. <\/span><\/p>\n<p><span style=\"font-weight: 400;\">Si vous souhaitez explorer ce charmant quartier, l&rsquo;h\u00f4tel Grums, situ\u00e9 \u00e0 Poble-Sec, vous propose un <strong>s\u00e9jour confortable \u00e0 proximit\u00e9 de toutes les activit\u00e9s multiculturelles <\/strong>que la ville a \u00e0 offrir. <\/span><\/p>\n<p><span style=\"font-weight: 400;\">R\u00e9servez votre s\u00e9jour et d\u00e9couvrez Barcelone depuis le c\u0153ur de Poble-Sec.<\/span><\/p>\n<p style=\"text-align: center;\">Si vous avez des questions, n&rsquo;h\u00e9sitez pas <a href=\"https:\/\/hotelgrumsbarcelona.com\/fr\/contact-grums\/\">\u00e0 nous contacter.<\/a><\/p>\n","protected":false},"excerpt":{"rendered":"<p>Les meilleures activit\u00e9s et lieux d&rsquo;int\u00e9r\u00eat \u00e0 Poble-Sec \u00e0 Barcelone.<\/p>\n","protected":false},"author":1,"featured_media":93506,"comment_status":"open","ping_status":"closed","sticky":false,"template":"","format":"standard","meta":{"_monsterinsights_skip_tracking":false,"_monsterinsights_sitenote_active":false,"_monsterinsights_sitenote_note":"","_monsterinsights_sitenote_category":0,"_uf_show_specific_survey":0,"_uf_disable_surveys":false,"footnotes":""},"categories":[62,93,76,94,77,96,97],"tags":[],"class_list":["post-91239","post","type-post","status-publish","format-standard","has-post-thumbnail","hentry","category-evenements","category-a-lair-libre","category-architecture-fr","category-arts-fr","category-lieux-a-visiter","category-style-de-vie","category-voyage"],"yoast_head":"<!-- This site is optimized with the Yoast SEO plugin v27.4 - https:\/\/yoast.com\/product\/yoast-seo-wordpress\/ -->\n<title>Le charme du quartier de Poble-Sec \u00e0 Barcelone<\/title>\n<meta name=\"description\" content=\"Les meilleures activit\u00e9s et lieux d&#039;int\u00e9r\u00eat \u00e0 Poble-Sec \u00e0 Barcelone, l&#039;un des quartiers les plus multiculturels et les plus charmants de la ville.\" \/>\n<meta name=\"robots\" content=\"index, follow, max-snippet:-1, max-image-preview:large, max-video-preview:-1\" \/>\n<link rel=\"canonical\" href=\"https:\/\/hotelgrumsbarcelona.com\/fr\/le-charme-du-quartier-de-poble-sec-a-barcelone\/\" \/>\n<meta property=\"og:locale\" content=\"fr_FR\" \/>\n<meta property=\"og:type\" content=\"article\" \/>\n<meta property=\"og:title\" content=\"Le charme du quartier de Poble-Sec \u00e0 Barcelone\" \/>\n<meta property=\"og:description\" content=\"Les meilleures activit\u00e9s et lieux d&#039;int\u00e9r\u00eat \u00e0 Poble-Sec \u00e0 Barcelone, l&#039;un des quartiers les plus multiculturels et les plus charmants de la ville.\" \/>\n<meta property=\"og:url\" content=\"https:\/\/hotelgrumsbarcelona.com\/fr\/le-charme-du-quartier-de-poble-sec-a-barcelone\/\" \/>\n<meta property=\"og:site_name\" content=\"Grums\" \/>\n<meta property=\"article:publisher\" content=\"https:\/\/www.facebook.com\/HotelGrumsBarcelona\/\" \/>\n<meta property=\"article:published_time\" content=\"2025-01-13T09:00:41+00:00\" \/>\n<meta property=\"article:modified_time\" content=\"2025-03-26T08:49:49+00:00\" \/>\n<meta property=\"og:image\" content=\"https:\/\/hotelgrumsbarcelona.com\/wp-content\/uploads\/2025\/01\/Foto-portada-poble-sec-1-scaled-2.jpg\" \/>\n\t<meta property=\"og:image:width\" content=\"1000\" \/>\n\t<meta property=\"og:image:height\" content=\"667\" \/>\n\t<meta property=\"og:image:type\" content=\"image\/jpeg\" \/>\n<meta name=\"author\" content=\"admin\" \/>\n<meta name=\"twitter:card\" content=\"summary_large_image\" \/>\n<meta name=\"twitter:creator\" content=\"@grumsbarcelona\" \/>\n<meta name=\"twitter:site\" content=\"@grumsbarcelona\" \/>\n<meta name=\"twitter:label1\" content=\"\u00c9crit par\" \/>\n\t<meta name=\"twitter:data1\" content=\"admin\" \/>\n\t<meta name=\"twitter:label2\" content=\"Dur\u00e9e de lecture estim\u00e9e\" \/>\n\t<meta name=\"twitter:data2\" content=\"5 minutes\" \/>\n<script type=\"application\/ld+json\" class=\"yoast-schema-graph\">{\"@context\":\"https:\\\/\\\/schema.org\",\"@graph\":[{\"@type\":\"Article\",\"@id\":\"https:\\\/\\\/hotelgrumsbarcelona.com\\\/fr\\\/le-charme-du-quartier-de-poble-sec-a-barcelone\\\/#article\",\"isPartOf\":{\"@id\":\"https:\\\/\\\/hotelgrumsbarcelona.com\\\/fr\\\/le-charme-du-quartier-de-poble-sec-a-barcelone\\\/\"},\"author\":{\"name\":\"admin\",\"@id\":\"https:\\\/\\\/hotelgrumsbarcelona.com\\\/#\\\/schema\\\/person\\\/90db106d786ae7951d4282da0162fba3\"},\"headline\":\"Le charme du quartier de Poble-Sec \u00e0 Barcelone\",\"datePublished\":\"2025-01-13T09:00:41+00:00\",\"dateModified\":\"2025-03-26T08:49:49+00:00\",\"mainEntityOfPage\":{\"@id\":\"https:\\\/\\\/hotelgrumsbarcelona.com\\\/fr\\\/le-charme-du-quartier-de-poble-sec-a-barcelone\\\/\"},\"wordCount\":1063,\"commentCount\":0,\"publisher\":{\"@id\":\"https:\\\/\\\/hotelgrumsbarcelona.com\\\/#organization\"},\"image\":{\"@id\":\"https:\\\/\\\/hotelgrumsbarcelona.com\\\/fr\\\/le-charme-du-quartier-de-poble-sec-a-barcelone\\\/#primaryimage\"},\"thumbnailUrl\":\"https:\\\/\\\/hotelgrumsbarcelona.com\\\/wp-content\\\/uploads\\\/2025\\\/01\\\/Foto-portada-poble-sec-1-scaled-2.jpg\",\"articleSection\":[\"\u00c9v\u00e9nements\",\"\u00c0 l'air libre\",\"Architecture\",\"Arts\",\"Lieux \u00e0 visiter\",\"Style de vie\",\"Voyage\"],\"inLanguage\":\"fr-FR\",\"potentialAction\":[{\"@type\":\"CommentAction\",\"name\":\"Comment\",\"target\":[\"https:\\\/\\\/hotelgrumsbarcelona.com\\\/fr\\\/le-charme-du-quartier-de-poble-sec-a-barcelone\\\/#respond\"]}]},{\"@type\":\"WebPage\",\"@id\":\"https:\\\/\\\/hotelgrumsbarcelona.com\\\/fr\\\/le-charme-du-quartier-de-poble-sec-a-barcelone\\\/\",\"url\":\"https:\\\/\\\/hotelgrumsbarcelona.com\\\/fr\\\/le-charme-du-quartier-de-poble-sec-a-barcelone\\\/\",\"name\":\"Le charme du quartier de Poble-Sec \u00e0 Barcelone\",\"isPartOf\":{\"@id\":\"https:\\\/\\\/hotelgrumsbarcelona.com\\\/#website\"},\"primaryImageOfPage\":{\"@id\":\"https:\\\/\\\/hotelgrumsbarcelona.com\\\/fr\\\/le-charme-du-quartier-de-poble-sec-a-barcelone\\\/#primaryimage\"},\"image\":{\"@id\":\"https:\\\/\\\/hotelgrumsbarcelona.com\\\/fr\\\/le-charme-du-quartier-de-poble-sec-a-barcelone\\\/#primaryimage\"},\"thumbnailUrl\":\"https:\\\/\\\/hotelgrumsbarcelona.com\\\/wp-content\\\/uploads\\\/2025\\\/01\\\/Foto-portada-poble-sec-1-scaled-2.jpg\",\"datePublished\":\"2025-01-13T09:00:41+00:00\",\"dateModified\":\"2025-03-26T08:49:49+00:00\",\"description\":\"Les meilleures activit\u00e9s et lieux d'int\u00e9r\u00eat \u00e0 Poble-Sec \u00e0 Barcelone, l'un des quartiers les plus multiculturels et les plus charmants de la ville.\",\"breadcrumb\":{\"@id\":\"https:\\\/\\\/hotelgrumsbarcelona.com\\\/fr\\\/le-charme-du-quartier-de-poble-sec-a-barcelone\\\/#breadcrumb\"},\"inLanguage\":\"fr-FR\",\"potentialAction\":[{\"@type\":\"ReadAction\",\"target\":[\"https:\\\/\\\/hotelgrumsbarcelona.com\\\/fr\\\/le-charme-du-quartier-de-poble-sec-a-barcelone\\\/\"]}]},{\"@type\":\"ImageObject\",\"inLanguage\":\"fr-FR\",\"@id\":\"https:\\\/\\\/hotelgrumsbarcelona.com\\\/fr\\\/le-charme-du-quartier-de-poble-sec-a-barcelone\\\/#primaryimage\",\"url\":\"https:\\\/\\\/hotelgrumsbarcelona.com\\\/wp-content\\\/uploads\\\/2025\\\/01\\\/Foto-portada-poble-sec-1-scaled-2.jpg\",\"contentUrl\":\"https:\\\/\\\/hotelgrumsbarcelona.com\\\/wp-content\\\/uploads\\\/2025\\\/01\\\/Foto-portada-poble-sec-1-scaled-2.jpg\",\"width\":1000,\"height\":667},{\"@type\":\"BreadcrumbList\",\"@id\":\"https:\\\/\\\/hotelgrumsbarcelona.com\\\/fr\\\/le-charme-du-quartier-de-poble-sec-a-barcelone\\\/#breadcrumb\",\"itemListElement\":[{\"@type\":\"ListItem\",\"position\":1,\"name\":\"Portada\",\"item\":\"https:\\\/\\\/hotelgrumsbarcelona.com\\\/\"},{\"@type\":\"ListItem\",\"position\":2,\"name\":\"Le charme du quartier de Poble-Sec \u00e0 Barcelone\"}]},{\"@type\":\"WebSite\",\"@id\":\"https:\\\/\\\/hotelgrumsbarcelona.com\\\/#website\",\"url\":\"https:\\\/\\\/hotelgrumsbarcelona.com\\\/\",\"name\":\"Hotel Grums & SPA Barcelona\",\"description\":\"Hotel Grums &amp; SPA en Barcelona. Hotel c\u00e9ntrico en Barcelona\",\"publisher\":{\"@id\":\"https:\\\/\\\/hotelgrumsbarcelona.com\\\/#organization\"},\"alternateName\":\"Hotel Grums & SPA Barcelona\",\"potentialAction\":[{\"@type\":\"SearchAction\",\"target\":{\"@type\":\"EntryPoint\",\"urlTemplate\":\"https:\\\/\\\/hotelgrumsbarcelona.com\\\/?s={search_term_string}\"},\"query-input\":{\"@type\":\"PropertyValueSpecification\",\"valueRequired\":true,\"valueName\":\"search_term_string\"}}],\"inLanguage\":\"fr-FR\"},{\"@type\":\"Organization\",\"@id\":\"https:\\\/\\\/hotelgrumsbarcelona.com\\\/#organization\",\"name\":\"Hotel Grums Barcelona\",\"url\":\"https:\\\/\\\/hotelgrumsbarcelona.com\\\/\",\"logo\":{\"@type\":\"ImageObject\",\"inLanguage\":\"fr-FR\",\"@id\":\"https:\\\/\\\/hotelgrumsbarcelona.com\\\/#\\\/schema\\\/logo\\\/image\\\/\",\"url\":\"https:\\\/\\\/hotelgrumsbarcelona.com\\\/wp-content\\\/uploads\\\/2025\\\/01\\\/cropped-Recurso-21.png\",\"contentUrl\":\"https:\\\/\\\/hotelgrumsbarcelona.com\\\/wp-content\\\/uploads\\\/2025\\\/01\\\/cropped-Recurso-21.png\",\"width\":512,\"height\":512,\"caption\":\"Hotel Grums Barcelona\"},\"image\":{\"@id\":\"https:\\\/\\\/hotelgrumsbarcelona.com\\\/#\\\/schema\\\/logo\\\/image\\\/\"},\"sameAs\":[\"https:\\\/\\\/www.facebook.com\\\/HotelGrumsBarcelona\\\/\",\"https:\\\/\\\/x.com\\\/grumsbarcelona\",\"https:\\\/\\\/www.instagram.com\\\/grumshotelspa\\\/\"]},{\"@type\":\"Person\",\"@id\":\"https:\\\/\\\/hotelgrumsbarcelona.com\\\/#\\\/schema\\\/person\\\/90db106d786ae7951d4282da0162fba3\",\"name\":\"admin\",\"image\":{\"@type\":\"ImageObject\",\"inLanguage\":\"fr-FR\",\"@id\":\"https:\\\/\\\/secure.gravatar.com\\\/avatar\\\/39b6f2bee72abd847a5feb3bf46900a793f8042f2a0e49b4c2749e2438d46e16?s=96&d=mm&r=g\",\"url\":\"https:\\\/\\\/secure.gravatar.com\\\/avatar\\\/39b6f2bee72abd847a5feb3bf46900a793f8042f2a0e49b4c2749e2438d46e16?s=96&d=mm&r=g\",\"contentUrl\":\"https:\\\/\\\/secure.gravatar.com\\\/avatar\\\/39b6f2bee72abd847a5feb3bf46900a793f8042f2a0e49b4c2749e2438d46e16?s=96&d=mm&r=g\",\"caption\":\"admin\"},\"sameAs\":[\"https:\\\/\\\/hotelgrumsbarcelona.com\"]}]}<\/script>\n<!-- \/ Yoast SEO plugin. -->","yoast_head_json":{"title":"Le charme du quartier de Poble-Sec \u00e0 Barcelone","description":"Les meilleures activit\u00e9s et lieux d'int\u00e9r\u00eat \u00e0 Poble-Sec \u00e0 Barcelone, l'un des quartiers les plus multiculturels et les plus charmants de la ville.","robots":{"index":"index","follow":"follow","max-snippet":"max-snippet:-1","max-image-preview":"max-image-preview:large","max-video-preview":"max-video-preview:-1"},"canonical":"https:\/\/hotelgrumsbarcelona.com\/fr\/le-charme-du-quartier-de-poble-sec-a-barcelone\/","og_locale":"fr_FR","og_type":"article","og_title":"Le charme du quartier de Poble-Sec \u00e0 Barcelone","og_description":"Les meilleures activit\u00e9s et lieux d'int\u00e9r\u00eat \u00e0 Poble-Sec \u00e0 Barcelone, l'un des quartiers les plus multiculturels et les plus charmants de la ville.","og_url":"https:\/\/hotelgrumsbarcelona.com\/fr\/le-charme-du-quartier-de-poble-sec-a-barcelone\/","og_site_name":"Grums","article_publisher":"https:\/\/www.facebook.com\/HotelGrumsBarcelona\/","article_published_time":"2025-01-13T09:00:41+00:00","article_modified_time":"2025-03-26T08:49:49+00:00","og_image":[{"width":1000,"height":667,"url":"https:\/\/hotelgrumsbarcelona.com\/wp-content\/uploads\/2025\/01\/Foto-portada-poble-sec-1-scaled-2.jpg","type":"image\/jpeg"}],"author":"admin","twitter_card":"summary_large_image","twitter_creator":"@grumsbarcelona","twitter_site":"@grumsbarcelona","twitter_misc":{"\u00c9crit par":"admin","Dur\u00e9e de lecture estim\u00e9e":"5 minutes"},"schema":{"@context":"https:\/\/schema.org","@graph":[{"@type":"Article","@id":"https:\/\/hotelgrumsbarcelona.com\/fr\/le-charme-du-quartier-de-poble-sec-a-barcelone\/#article","isPartOf":{"@id":"https:\/\/hotelgrumsbarcelona.com\/fr\/le-charme-du-quartier-de-poble-sec-a-barcelone\/"},"author":{"name":"admin","@id":"https:\/\/hotelgrumsbarcelona.com\/#\/schema\/person\/90db106d786ae7951d4282da0162fba3"},"headline":"Le charme du quartier de Poble-Sec \u00e0 Barcelone","datePublished":"2025-01-13T09:00:41+00:00","dateModified":"2025-03-26T08:49:49+00:00","mainEntityOfPage":{"@id":"https:\/\/hotelgrumsbarcelona.com\/fr\/le-charme-du-quartier-de-poble-sec-a-barcelone\/"},"wordCount":1063,"commentCount":0,"publisher":{"@id":"https:\/\/hotelgrumsbarcelona.com\/#organization"},"image":{"@id":"https:\/\/hotelgrumsbarcelona.com\/fr\/le-charme-du-quartier-de-poble-sec-a-barcelone\/#primaryimage"},"thumbnailUrl":"https:\/\/hotelgrumsbarcelona.com\/wp-content\/uploads\/2025\/01\/Foto-portada-poble-sec-1-scaled-2.jpg","articleSection":["\u00c9v\u00e9nements","\u00c0 l'air libre","Architecture","Arts","Lieux \u00e0 visiter","Style de vie","Voyage"],"inLanguage":"fr-FR","potentialAction":[{"@type":"CommentAction","name":"Comment","target":["https:\/\/hotelgrumsbarcelona.com\/fr\/le-charme-du-quartier-de-poble-sec-a-barcelone\/#respond"]}]},{"@type":"WebPage","@id":"https:\/\/hotelgrumsbarcelona.com\/fr\/le-charme-du-quartier-de-poble-sec-a-barcelone\/","url":"https:\/\/hotelgrumsbarcelona.com\/fr\/le-charme-du-quartier-de-poble-sec-a-barcelone\/","name":"Le charme du quartier de Poble-Sec \u00e0 Barcelone","isPartOf":{"@id":"https:\/\/hotelgrumsbarcelona.com\/#website"},"primaryImageOfPage":{"@id":"https:\/\/hotelgrumsbarcelona.com\/fr\/le-charme-du-quartier-de-poble-sec-a-barcelone\/#primaryimage"},"image":{"@id":"https:\/\/hotelgrumsbarcelona.com\/fr\/le-charme-du-quartier-de-poble-sec-a-barcelone\/#primaryimage"},"thumbnailUrl":"https:\/\/hotelgrumsbarcelona.com\/wp-content\/uploads\/2025\/01\/Foto-portada-poble-sec-1-scaled-2.jpg","datePublished":"2025-01-13T09:00:41+00:00","dateModified":"2025-03-26T08:49:49+00:00","description":"Les meilleures activit\u00e9s et lieux d'int\u00e9r\u00eat \u00e0 Poble-Sec \u00e0 Barcelone, l'un des quartiers les plus multiculturels et les plus charmants de la ville.","breadcrumb":{"@id":"https:\/\/hotelgrumsbarcelona.com\/fr\/le-charme-du-quartier-de-poble-sec-a-barcelone\/#breadcrumb"},"inLanguage":"fr-FR","potentialAction":[{"@type":"ReadAction","target":["https:\/\/hotelgrumsbarcelona.com\/fr\/le-charme-du-quartier-de-poble-sec-a-barcelone\/"]}]},{"@type":"ImageObject","inLanguage":"fr-FR","@id":"https:\/\/hotelgrumsbarcelona.com\/fr\/le-charme-du-quartier-de-poble-sec-a-barcelone\/#primaryimage","url":"https:\/\/hotelgrumsbarcelona.com\/wp-content\/uploads\/2025\/01\/Foto-portada-poble-sec-1-scaled-2.jpg","contentUrl":"https:\/\/hotelgrumsbarcelona.com\/wp-content\/uploads\/2025\/01\/Foto-portada-poble-sec-1-scaled-2.jpg","width":1000,"height":667},{"@type":"BreadcrumbList","@id":"https:\/\/hotelgrumsbarcelona.com\/fr\/le-charme-du-quartier-de-poble-sec-a-barcelone\/#breadcrumb","itemListElement":[{"@type":"ListItem","position":1,"name":"Portada","item":"https:\/\/hotelgrumsbarcelona.com\/"},{"@type":"ListItem","position":2,"name":"Le charme du quartier de Poble-Sec \u00e0 Barcelone"}]},{"@type":"WebSite","@id":"https:\/\/hotelgrumsbarcelona.com\/#website","url":"https:\/\/hotelgrumsbarcelona.com\/","name":"Hotel Grums & SPA Barcelona","description":"Hotel Grums &amp; SPA en Barcelona. Hotel c\u00e9ntrico en Barcelona","publisher":{"@id":"https:\/\/hotelgrumsbarcelona.com\/#organization"},"alternateName":"Hotel Grums & SPA Barcelona","potentialAction":[{"@type":"SearchAction","target":{"@type":"EntryPoint","urlTemplate":"https:\/\/hotelgrumsbarcelona.com\/?s={search_term_string}"},"query-input":{"@type":"PropertyValueSpecification","valueRequired":true,"valueName":"search_term_string"}}],"inLanguage":"fr-FR"},{"@type":"Organization","@id":"https:\/\/hotelgrumsbarcelona.com\/#organization","name":"Hotel Grums Barcelona","url":"https:\/\/hotelgrumsbarcelona.com\/","logo":{"@type":"ImageObject","inLanguage":"fr-FR","@id":"https:\/\/hotelgrumsbarcelona.com\/#\/schema\/logo\/image\/","url":"https:\/\/hotelgrumsbarcelona.com\/wp-content\/uploads\/2025\/01\/cropped-Recurso-21.png","contentUrl":"https:\/\/hotelgrumsbarcelona.com\/wp-content\/uploads\/2025\/01\/cropped-Recurso-21.png","width":512,"height":512,"caption":"Hotel Grums Barcelona"},"image":{"@id":"https:\/\/hotelgrumsbarcelona.com\/#\/schema\/logo\/image\/"},"sameAs":["https:\/\/www.facebook.com\/HotelGrumsBarcelona\/","https:\/\/x.com\/grumsbarcelona","https:\/\/www.instagram.com\/grumshotelspa\/"]},{"@type":"Person","@id":"https:\/\/hotelgrumsbarcelona.com\/#\/schema\/person\/90db106d786ae7951d4282da0162fba3","name":"admin","image":{"@type":"ImageObject","inLanguage":"fr-FR","@id":"https:\/\/secure.gravatar.com\/avatar\/39b6f2bee72abd847a5feb3bf46900a793f8042f2a0e49b4c2749e2438d46e16?s=96&d=mm&r=g","url":"https:\/\/secure.gravatar.com\/avatar\/39b6f2bee72abd847a5feb3bf46900a793f8042f2a0e49b4c2749e2438d46e16?s=96&d=mm&r=g","contentUrl":"https:\/\/secure.gravatar.com\/avatar\/39b6f2bee72abd847a5feb3bf46900a793f8042f2a0e49b4c2749e2438d46e16?s=96&d=mm&r=g","caption":"admin"},"sameAs":["https:\/\/hotelgrumsbarcelona.com"]}]}},"_links":{"self":[{"href":"https:\/\/hotelgrumsbarcelona.com\/fr\/wp-json\/wp\/v2\/posts\/91239","targetHints":{"allow":["GET"]}}],"collection":[{"href":"https:\/\/hotelgrumsbarcelona.com\/fr\/wp-json\/wp\/v2\/posts"}],"about":[{"href":"https:\/\/hotelgrumsbarcelona.com\/fr\/wp-json\/wp\/v2\/types\/post"}],"author":[{"embeddable":true,"href":"https:\/\/hotelgrumsbarcelona.com\/fr\/wp-json\/wp\/v2\/users\/1"}],"replies":[{"embeddable":true,"href":"https:\/\/hotelgrumsbarcelona.com\/fr\/wp-json\/wp\/v2\/comments?post=91239"}],"version-history":[{"count":0,"href":"https:\/\/hotelgrumsbarcelona.com\/fr\/wp-json\/wp\/v2\/posts\/91239\/revisions"}],"wp:featuredmedia":[{"embeddable":true,"href":"https:\/\/hotelgrumsbarcelona.com\/fr\/wp-json\/wp\/v2\/media\/93506"}],"wp:attachment":[{"href":"https:\/\/hotelgrumsbarcelona.com\/fr\/wp-json\/wp\/v2\/media?parent=91239"}],"wp:term":[{"taxonomy":"category","embeddable":true,"href":"https:\/\/hotelgrumsbarcelona.com\/fr\/wp-json\/wp\/v2\/categories?post=91239"},{"taxonomy":"post_tag","embeddable":true,"href":"https:\/\/hotelgrumsbarcelona.com\/fr\/wp-json\/wp\/v2\/tags?post=91239"}],"curies":[{"name":"wp","href":"https:\/\/api.w.org\/{rel}","templated":true}]}}