{"id":88051,"date":"2019-11-25T11:50:56","date_gmt":"2019-11-25T11:50:56","guid":{"rendered":"https:\/\/hotelgrumsbarcelona.com\/le-marche-medieval-de-vic-revient-en-decembre\/"},"modified":"2025-03-26T08:49:58","modified_gmt":"2025-03-26T08:49:58","slug":"le-marche-medieval-de-vic-revient-en-decembre","status":"publish","type":"post","link":"https:\/\/hotelgrumsbarcelona.com\/fr\/le-marche-medieval-de-vic-revient-en-decembre\/","title":{"rendered":"Le march\u00e9 m\u00e9di\u00e9val de Vic revient en d\u00e9cembre"},"content":{"rendered":"<p>\u00c0 seulement 70 km de Barcelone, vous trouverez Vic, o\u00f9 chaque d\u00e9cembre, ils organisent un impressionnant march\u00e9 m\u00e9di\u00e9val. C&rsquo;est l&rsquo;un des \u00e9v\u00e9nements de l&rsquo;ann\u00e9e pour cette ville d&rsquo;environ 45 000 habitants. En 2019, la derni\u00e8re \u00e9dition aura lieu du 6 au 9 d\u00e9cembre. Si vous pr\u00e9voyez une visite \u00e0 Barcelone et s\u00e9journez dans un <a href=\"https:\/\/www.hotelgrumsbarcelona.com\/offers\/barcelona-with-family\">h\u00f4tel familial dans le centre de Barcelone<\/a>, nous vous recommandons d&rsquo;ajouter cet \u00e9v\u00e9nement \u00e0 votre liste. Nous vous dirons pourquoi il m\u00e9rite une place sur votre itin\u00e9raire et comment vous rendre \u00e0 Vic depuis Barcelone.Faites un voyage au Moyen \u00c2gePendant quatre jours, le centre historique de Vic remonte \u00e0 l&rsquo;\u00e9poque m\u00e9di\u00e9vale. Des \u00e9tals de rue apparaissent partout o\u00f9 vous pouvez acheter toutes sortes de sp\u00e9cialit\u00e9s locales comme du pain, des bonbons, des saucisses et des confitures. Mais ce n&rsquo;est pas tout! Il y a aussi des stands vendant de l&rsquo;artisanat, ce qui fait du march\u00e9 m\u00e9di\u00e9val de Vic un endroit id\u00e9al pour commencer vos achats de No\u00ebl. Les produits de beaut\u00e9, les d\u00e9corations, les bijoux, etc.<\/p>\n<p>Les tavernes sont une autre partie importante de cet immense march\u00e9 m\u00e9di\u00e9val. Il existe de nombreux endroits pour d\u00e9guster de d\u00e9licieux sandwichs, g\u00e2teaux, pizzas et bien plus encore. En plus de cela, les bi\u00e8res artisanales mettent en \u00e9vidence des plats excellents.Activit\u00e9s publiques pour tousPour profiter au maximum de votre s\u00e9jour dans cette ville de style m\u00e9di\u00e9val, toutes sortes d&rsquo;activit\u00e9s sont ouvertes au public. Ceux-ci comprennent des ateliers pour enfants, de la musique, de la danse et des spectacles de rue.<\/p>\n<p>Il vaut \u00e9galement la peine de visiter le domaine de l&#8217;emploi d&rsquo;antan, o\u00f9 vous aurez l&rsquo;occasion d&rsquo;en apprendre davantage sur certains emplois d&rsquo;\u00e2ge moyen. N&rsquo;oubliez pas que tout ce qui vous entoure et tout ce que les gens portent semble m\u00e9di\u00e9val.<\/p>\n<p>L&rsquo;exposition d&rsquo;oiseaux de proie est \u00e9galement tr\u00e8s divertissante pour les enfants et les adultes.Comment se rendre au march\u00e9 m\u00e9di\u00e9val de Vic depuis BarcelonePour vous rendre \u00e0 Vic depuis Barcelone, vous pouvez conduire ou prendre les transports en commun. Si vous choisissez le transport en commun, la meilleure option est le train. Emprunter la ligne R3 depuis la gare Barcelona-Sants. Le voyage dure environ une heure. En voiture, c&rsquo;est environ 1h10 et vous pouvez garer votre voiture dans notre <a href=\"https:\/\/www.hotelgrumsbarcelona.com\/hotel-with-parking-in-barcelona\">h\u00f4tel familial avec parking \u00e0 Barcelone<\/a>.<\/p>\n<p><strong>La foire est ouverte tous les jours de 10h \u00e0 20h et l&rsquo;entr\u00e9e est gratuite. Profitons!<\/strong>Les nuages \u200b\u200bviennent flotter dans ma vie, non plus pour porter la pluie ou la temp\u00eate, mais pour ajouter de la couleur \u00e0 mon ciel au coucher du soleil.Les c\u0153urs lourds, comme les nuages \u200b\u200blourds dans le ciel, sont mieux soulag\u00e9s par la mise \u00e0 l&rsquo;eau d&rsquo;un peu.Profitez de la matin\u00e9e.La meilleure fa\u00e7on de s&rsquo;am\u00e9liorer en photographie est de commencer par emporter votre appareil photo partout. Si vous quittez votre maison, votre appareil photo part avec vous. La seule exception est si vous pr\u00e9voyez une cintreuse le week-end, alors laissez-la probablement \u00e0 la maison. \u00c0 part cela, portez-le toujours sur votre \u00e9paule. Il serait probablement utile d&rsquo;avoir une batterie suppl\u00e9mentaire \u00e0 transporter dans votre poche. J&rsquo;ai trois piles. Un dans mon appareil photo, un dans ma poche, un dans le chargeur. Quand il meurt, \u00e9changez-les tous.<\/p>\n<p>Pour moi, la partie la plus importante de l&rsquo;am\u00e9lioration de la photographie a \u00e9t\u00e9 de la partager. Cr\u00e9ez un compte Exposure ou publiez r\u00e9guli\u00e8rement sur Tumblr, ou les deux. Dites aux gens que vous essayez de vous am\u00e9liorer en photographie. Parler de \u00e7a. Lorsque vous en parlez, les autres sont enthousiastes. Ils viendront faire des promenades photo avec vous. Ils poseront pour des portraits. Ils ach\u00e8teront vos tirages, zines, peu importe. J&rsquo;ai un Fujifilm X100. Il co\u00fbte environ 1300 $.<\/p>\n<p>C\u2019est de loin le meilleur appareil photo que j\u2019ai jamais poss\u00e9d\u00e9. J&rsquo;en prends soin du mieux que je peux, mais je ne laisse pas m&rsquo;en occuper impacter la photographie. Permettez-moi de d\u00e9velopper un peu mieux cela. Vous vous am\u00e9liorerez dans chaque section de ce dont nous avons parl\u00e9 lentement. Et pendant que vous le faites, vous serez \u00e9tonn\u00e9 de voir \u00e0 quel point tout est plus facile et comment cette habitude se forme.Il n&rsquo;y a pas de r\u00e8gles d&rsquo;architecture pour un ch\u00e2teau dans les nuages \u200b\u200bet c&rsquo;est bien r\u00e9el.<\/p>\n","protected":false},"excerpt":{"rendered":"<p>\u00c0 seulement 70 km de Barcelone, vous trouverez Vic, o\u00f9 chaque d\u00e9cembre, ils organisent un impressionnant march\u00e9 m\u00e9di\u00e9val. C&rsquo;est l&rsquo;un des \u00e9v\u00e9nements de l&rsquo;ann\u00e9e pour cette ville d&rsquo;environ 45 000 habitants. En 2019, la derni\u00e8re \u00e9dition aura lieu du 6 au 9 d\u00e9cembre. Si vous pr\u00e9voyez une visite \u00e0 Barcelone et s\u00e9journez dans un h\u00f4tel familial dans le centre de Barcelone, nous vous recommandons d&rsquo;ajouter cet \u00e9v\u00e9nement \u00e0 votre liste. Nous vous dirons pourquoi il m\u00e9rite une place sur votre itin\u00e9raire et comment vous rendre \u00e0 Vic depuis Barcelone.<\/p>\n","protected":false},"author":1,"featured_media":83346,"comment_status":"open","ping_status":"closed","sticky":false,"template":"","format":"standard","meta":{"_monsterinsights_skip_tracking":false,"_monsterinsights_sitenote_active":false,"_monsterinsights_sitenote_note":"","_monsterinsights_sitenote_category":0,"_uf_show_specific_survey":0,"_uf_disable_surveys":false,"footnotes":""},"categories":[62,66],"tags":[60,141,142],"class_list":["post-88051","post","type-post","status-publish","format-standard","has-post-thumbnail","hentry","category-evenements","category-traditions-fr","tag-barcelona-fr","tag-marche","tag-traditions-fr"],"yoast_head":"<!-- This site is optimized with the Yoast SEO plugin v27.4 - https:\/\/yoast.com\/product\/yoast-seo-wordpress\/ -->\n<title>Le march\u00e9 m\u00e9di\u00e9val de Vic revient en d\u00e9cembre - Grums<\/title>\n<meta name=\"robots\" content=\"index, follow, max-snippet:-1, max-image-preview:large, max-video-preview:-1\" \/>\n<link rel=\"canonical\" href=\"https:\/\/hotelgrumsbarcelona.com\/the-vic-medieval-market-is-back-in-december\/\" \/>\n<meta property=\"og:locale\" content=\"fr_FR\" \/>\n<meta property=\"og:type\" content=\"article\" \/>\n<meta property=\"og:title\" content=\"Le march\u00e9 m\u00e9di\u00e9val de Vic revient en d\u00e9cembre - Grums\" \/>\n<meta property=\"og:description\" content=\"\u00c0 seulement 70 km de Barcelone, vous trouverez Vic, o\u00f9 chaque d\u00e9cembre, ils organisent un impressionnant march\u00e9 m\u00e9di\u00e9val. C&#039;est l&#039;un des \u00e9v\u00e9nements de l&#039;ann\u00e9e pour cette ville d&#039;environ 45 000 habitants. En 2019, la derni\u00e8re \u00e9dition aura lieu du 6 au 9 d\u00e9cembre. Si vous pr\u00e9voyez une visite \u00e0 Barcelone et s\u00e9journez dans un h\u00f4tel familial dans le centre de Barcelone, nous vous recommandons d&#039;ajouter cet \u00e9v\u00e9nement \u00e0 votre liste. Nous vous dirons pourquoi il m\u00e9rite une place sur votre itin\u00e9raire et comment vous rendre \u00e0 Vic depuis Barcelone.\" \/>\n<meta property=\"og:url\" content=\"https:\/\/hotelgrumsbarcelona.com\/the-vic-medieval-market-is-back-in-december\/\" \/>\n<meta property=\"og:site_name\" content=\"Grums\" \/>\n<meta property=\"article:publisher\" content=\"https:\/\/www.facebook.com\/HotelGrumsBarcelona\/\" \/>\n<meta property=\"article:published_time\" content=\"2019-11-25T11:50:56+00:00\" \/>\n<meta property=\"article:modified_time\" content=\"2025-03-26T08:49:58+00:00\" \/>\n<meta property=\"og:image\" content=\"https:\/\/hotelgrumsbarcelona.com\/wp-content\/uploads\/2020\/04\/medieval-1.jpg\" \/>\n\t<meta property=\"og:image:width\" content=\"1500\" \/>\n\t<meta property=\"og:image:height\" content=\"1000\" \/>\n\t<meta property=\"og:image:type\" content=\"image\/jpeg\" \/>\n<meta name=\"author\" content=\"admin\" \/>\n<meta name=\"twitter:card\" content=\"summary_large_image\" \/>\n<meta name=\"twitter:creator\" content=\"@grumsbarcelona\" \/>\n<meta name=\"twitter:site\" content=\"@grumsbarcelona\" \/>\n<meta name=\"twitter:label1\" content=\"\u00c9crit par\" \/>\n\t<meta name=\"twitter:data1\" content=\"admin\" \/>\n\t<meta name=\"twitter:label2\" content=\"Dur\u00e9e de lecture estim\u00e9e\" \/>\n\t<meta name=\"twitter:data2\" content=\"4 minutes\" \/>\n<script type=\"application\/ld+json\" class=\"yoast-schema-graph\">{\"@context\":\"https:\\\/\\\/schema.org\",\"@graph\":[{\"@type\":\"Article\",\"@id\":\"https:\\\/\\\/hotelgrumsbarcelona.com\\\/the-vic-medieval-market-is-back-in-december\\\/#article\",\"isPartOf\":{\"@id\":\"https:\\\/\\\/hotelgrumsbarcelona.com\\\/the-vic-medieval-market-is-back-in-december\\\/\"},\"author\":{\"name\":\"admin\",\"@id\":\"https:\\\/\\\/hotelgrumsbarcelona.com\\\/#\\\/schema\\\/person\\\/90db106d786ae7951d4282da0162fba3\"},\"headline\":\"Le march\u00e9 m\u00e9di\u00e9val de Vic revient en d\u00e9cembre\",\"datePublished\":\"2019-11-25T11:50:56+00:00\",\"dateModified\":\"2025-03-26T08:49:58+00:00\",\"mainEntityOfPage\":{\"@id\":\"https:\\\/\\\/hotelgrumsbarcelona.com\\\/the-vic-medieval-market-is-back-in-december\\\/\"},\"wordCount\":786,\"commentCount\":0,\"publisher\":{\"@id\":\"https:\\\/\\\/hotelgrumsbarcelona.com\\\/#organization\"},\"image\":{\"@id\":\"https:\\\/\\\/hotelgrumsbarcelona.com\\\/the-vic-medieval-market-is-back-in-december\\\/#primaryimage\"},\"thumbnailUrl\":\"https:\\\/\\\/hotelgrumsbarcelona.com\\\/wp-content\\\/uploads\\\/2020\\\/04\\\/medieval-1.jpg\",\"keywords\":[\"barcelona\",\"march\u00e9\",\"traditions\"],\"articleSection\":[\"\u00c9v\u00e9nements\",\"Traditions\"],\"inLanguage\":\"fr-FR\",\"potentialAction\":[{\"@type\":\"CommentAction\",\"name\":\"Comment\",\"target\":[\"https:\\\/\\\/hotelgrumsbarcelona.com\\\/the-vic-medieval-market-is-back-in-december\\\/#respond\"]}]},{\"@type\":\"WebPage\",\"@id\":\"https:\\\/\\\/hotelgrumsbarcelona.com\\\/the-vic-medieval-market-is-back-in-december\\\/\",\"url\":\"https:\\\/\\\/hotelgrumsbarcelona.com\\\/the-vic-medieval-market-is-back-in-december\\\/\",\"name\":\"Le march\u00e9 m\u00e9di\u00e9val de Vic revient en d\u00e9cembre - Grums\",\"isPartOf\":{\"@id\":\"https:\\\/\\\/hotelgrumsbarcelona.com\\\/#website\"},\"primaryImageOfPage\":{\"@id\":\"https:\\\/\\\/hotelgrumsbarcelona.com\\\/the-vic-medieval-market-is-back-in-december\\\/#primaryimage\"},\"image\":{\"@id\":\"https:\\\/\\\/hotelgrumsbarcelona.com\\\/the-vic-medieval-market-is-back-in-december\\\/#primaryimage\"},\"thumbnailUrl\":\"https:\\\/\\\/hotelgrumsbarcelona.com\\\/wp-content\\\/uploads\\\/2020\\\/04\\\/medieval-1.jpg\",\"datePublished\":\"2019-11-25T11:50:56+00:00\",\"dateModified\":\"2025-03-26T08:49:58+00:00\",\"breadcrumb\":{\"@id\":\"https:\\\/\\\/hotelgrumsbarcelona.com\\\/the-vic-medieval-market-is-back-in-december\\\/#breadcrumb\"},\"inLanguage\":\"fr-FR\",\"potentialAction\":[{\"@type\":\"ReadAction\",\"target\":[\"https:\\\/\\\/hotelgrumsbarcelona.com\\\/the-vic-medieval-market-is-back-in-december\\\/\"]}]},{\"@type\":\"ImageObject\",\"inLanguage\":\"fr-FR\",\"@id\":\"https:\\\/\\\/hotelgrumsbarcelona.com\\\/the-vic-medieval-market-is-back-in-december\\\/#primaryimage\",\"url\":\"https:\\\/\\\/hotelgrumsbarcelona.com\\\/wp-content\\\/uploads\\\/2020\\\/04\\\/medieval-1.jpg\",\"contentUrl\":\"https:\\\/\\\/hotelgrumsbarcelona.com\\\/wp-content\\\/uploads\\\/2020\\\/04\\\/medieval-1.jpg\",\"width\":1500,\"height\":1000},{\"@type\":\"BreadcrumbList\",\"@id\":\"https:\\\/\\\/hotelgrumsbarcelona.com\\\/the-vic-medieval-market-is-back-in-december\\\/#breadcrumb\",\"itemListElement\":[{\"@type\":\"ListItem\",\"position\":1,\"name\":\"Portada\",\"item\":\"https:\\\/\\\/hotelgrumsbarcelona.com\\\/\"},{\"@type\":\"ListItem\",\"position\":2,\"name\":\"Le march\u00e9 m\u00e9di\u00e9val de Vic revient en d\u00e9cembre\"}]},{\"@type\":\"WebSite\",\"@id\":\"https:\\\/\\\/hotelgrumsbarcelona.com\\\/#website\",\"url\":\"https:\\\/\\\/hotelgrumsbarcelona.com\\\/\",\"name\":\"Hotel Grums & SPA Barcelona\",\"description\":\"Hotel Grums &amp; SPA en Barcelona. Hotel c\u00e9ntrico en Barcelona\",\"publisher\":{\"@id\":\"https:\\\/\\\/hotelgrumsbarcelona.com\\\/#organization\"},\"alternateName\":\"Hotel Grums & SPA Barcelona\",\"potentialAction\":[{\"@type\":\"SearchAction\",\"target\":{\"@type\":\"EntryPoint\",\"urlTemplate\":\"https:\\\/\\\/hotelgrumsbarcelona.com\\\/?s={search_term_string}\"},\"query-input\":{\"@type\":\"PropertyValueSpecification\",\"valueRequired\":true,\"valueName\":\"search_term_string\"}}],\"inLanguage\":\"fr-FR\"},{\"@type\":\"Organization\",\"@id\":\"https:\\\/\\\/hotelgrumsbarcelona.com\\\/#organization\",\"name\":\"Hotel Grums Barcelona\",\"url\":\"https:\\\/\\\/hotelgrumsbarcelona.com\\\/\",\"logo\":{\"@type\":\"ImageObject\",\"inLanguage\":\"fr-FR\",\"@id\":\"https:\\\/\\\/hotelgrumsbarcelona.com\\\/#\\\/schema\\\/logo\\\/image\\\/\",\"url\":\"https:\\\/\\\/hotelgrumsbarcelona.com\\\/wp-content\\\/uploads\\\/2025\\\/01\\\/cropped-Recurso-21.png\",\"contentUrl\":\"https:\\\/\\\/hotelgrumsbarcelona.com\\\/wp-content\\\/uploads\\\/2025\\\/01\\\/cropped-Recurso-21.png\",\"width\":512,\"height\":512,\"caption\":\"Hotel Grums Barcelona\"},\"image\":{\"@id\":\"https:\\\/\\\/hotelgrumsbarcelona.com\\\/#\\\/schema\\\/logo\\\/image\\\/\"},\"sameAs\":[\"https:\\\/\\\/www.facebook.com\\\/HotelGrumsBarcelona\\\/\",\"https:\\\/\\\/x.com\\\/grumsbarcelona\",\"https:\\\/\\\/www.instagram.com\\\/grumshotelspa\\\/\"]},{\"@type\":\"Person\",\"@id\":\"https:\\\/\\\/hotelgrumsbarcelona.com\\\/#\\\/schema\\\/person\\\/90db106d786ae7951d4282da0162fba3\",\"name\":\"admin\",\"image\":{\"@type\":\"ImageObject\",\"inLanguage\":\"fr-FR\",\"@id\":\"https:\\\/\\\/secure.gravatar.com\\\/avatar\\\/39b6f2bee72abd847a5feb3bf46900a793f8042f2a0e49b4c2749e2438d46e16?s=96&d=mm&r=g\",\"url\":\"https:\\\/\\\/secure.gravatar.com\\\/avatar\\\/39b6f2bee72abd847a5feb3bf46900a793f8042f2a0e49b4c2749e2438d46e16?s=96&d=mm&r=g\",\"contentUrl\":\"https:\\\/\\\/secure.gravatar.com\\\/avatar\\\/39b6f2bee72abd847a5feb3bf46900a793f8042f2a0e49b4c2749e2438d46e16?s=96&d=mm&r=g\",\"caption\":\"admin\"},\"sameAs\":[\"https:\\\/\\\/hotelgrumsbarcelona.com\"]}]}<\/script>\n<!-- \/ Yoast SEO plugin. -->","yoast_head_json":{"title":"Le march\u00e9 m\u00e9di\u00e9val de Vic revient en d\u00e9cembre - Grums","robots":{"index":"index","follow":"follow","max-snippet":"max-snippet:-1","max-image-preview":"max-image-preview:large","max-video-preview":"max-video-preview:-1"},"canonical":"https:\/\/hotelgrumsbarcelona.com\/the-vic-medieval-market-is-back-in-december\/","og_locale":"fr_FR","og_type":"article","og_title":"Le march\u00e9 m\u00e9di\u00e9val de Vic revient en d\u00e9cembre - Grums","og_description":"\u00c0 seulement 70 km de Barcelone, vous trouverez Vic, o\u00f9 chaque d\u00e9cembre, ils organisent un impressionnant march\u00e9 m\u00e9di\u00e9val. C'est l'un des \u00e9v\u00e9nements de l'ann\u00e9e pour cette ville d'environ 45 000 habitants. En 2019, la derni\u00e8re \u00e9dition aura lieu du 6 au 9 d\u00e9cembre. Si vous pr\u00e9voyez une visite \u00e0 Barcelone et s\u00e9journez dans un h\u00f4tel familial dans le centre de Barcelone, nous vous recommandons d'ajouter cet \u00e9v\u00e9nement \u00e0 votre liste. Nous vous dirons pourquoi il m\u00e9rite une place sur votre itin\u00e9raire et comment vous rendre \u00e0 Vic depuis Barcelone.","og_url":"https:\/\/hotelgrumsbarcelona.com\/the-vic-medieval-market-is-back-in-december\/","og_site_name":"Grums","article_publisher":"https:\/\/www.facebook.com\/HotelGrumsBarcelona\/","article_published_time":"2019-11-25T11:50:56+00:00","article_modified_time":"2025-03-26T08:49:58+00:00","og_image":[{"width":1500,"height":1000,"url":"https:\/\/hotelgrumsbarcelona.com\/wp-content\/uploads\/2020\/04\/medieval-1.jpg","type":"image\/jpeg"}],"author":"admin","twitter_card":"summary_large_image","twitter_creator":"@grumsbarcelona","twitter_site":"@grumsbarcelona","twitter_misc":{"\u00c9crit par":"admin","Dur\u00e9e de lecture estim\u00e9e":"4 minutes"},"schema":{"@context":"https:\/\/schema.org","@graph":[{"@type":"Article","@id":"https:\/\/hotelgrumsbarcelona.com\/the-vic-medieval-market-is-back-in-december\/#article","isPartOf":{"@id":"https:\/\/hotelgrumsbarcelona.com\/the-vic-medieval-market-is-back-in-december\/"},"author":{"name":"admin","@id":"https:\/\/hotelgrumsbarcelona.com\/#\/schema\/person\/90db106d786ae7951d4282da0162fba3"},"headline":"Le march\u00e9 m\u00e9di\u00e9val de Vic revient en d\u00e9cembre","datePublished":"2019-11-25T11:50:56+00:00","dateModified":"2025-03-26T08:49:58+00:00","mainEntityOfPage":{"@id":"https:\/\/hotelgrumsbarcelona.com\/the-vic-medieval-market-is-back-in-december\/"},"wordCount":786,"commentCount":0,"publisher":{"@id":"https:\/\/hotelgrumsbarcelona.com\/#organization"},"image":{"@id":"https:\/\/hotelgrumsbarcelona.com\/the-vic-medieval-market-is-back-in-december\/#primaryimage"},"thumbnailUrl":"https:\/\/hotelgrumsbarcelona.com\/wp-content\/uploads\/2020\/04\/medieval-1.jpg","keywords":["barcelona","march\u00e9","traditions"],"articleSection":["\u00c9v\u00e9nements","Traditions"],"inLanguage":"fr-FR","potentialAction":[{"@type":"CommentAction","name":"Comment","target":["https:\/\/hotelgrumsbarcelona.com\/the-vic-medieval-market-is-back-in-december\/#respond"]}]},{"@type":"WebPage","@id":"https:\/\/hotelgrumsbarcelona.com\/the-vic-medieval-market-is-back-in-december\/","url":"https:\/\/hotelgrumsbarcelona.com\/the-vic-medieval-market-is-back-in-december\/","name":"Le march\u00e9 m\u00e9di\u00e9val de Vic revient en d\u00e9cembre - Grums","isPartOf":{"@id":"https:\/\/hotelgrumsbarcelona.com\/#website"},"primaryImageOfPage":{"@id":"https:\/\/hotelgrumsbarcelona.com\/the-vic-medieval-market-is-back-in-december\/#primaryimage"},"image":{"@id":"https:\/\/hotelgrumsbarcelona.com\/the-vic-medieval-market-is-back-in-december\/#primaryimage"},"thumbnailUrl":"https:\/\/hotelgrumsbarcelona.com\/wp-content\/uploads\/2020\/04\/medieval-1.jpg","datePublished":"2019-11-25T11:50:56+00:00","dateModified":"2025-03-26T08:49:58+00:00","breadcrumb":{"@id":"https:\/\/hotelgrumsbarcelona.com\/the-vic-medieval-market-is-back-in-december\/#breadcrumb"},"inLanguage":"fr-FR","potentialAction":[{"@type":"ReadAction","target":["https:\/\/hotelgrumsbarcelona.com\/the-vic-medieval-market-is-back-in-december\/"]}]},{"@type":"ImageObject","inLanguage":"fr-FR","@id":"https:\/\/hotelgrumsbarcelona.com\/the-vic-medieval-market-is-back-in-december\/#primaryimage","url":"https:\/\/hotelgrumsbarcelona.com\/wp-content\/uploads\/2020\/04\/medieval-1.jpg","contentUrl":"https:\/\/hotelgrumsbarcelona.com\/wp-content\/uploads\/2020\/04\/medieval-1.jpg","width":1500,"height":1000},{"@type":"BreadcrumbList","@id":"https:\/\/hotelgrumsbarcelona.com\/the-vic-medieval-market-is-back-in-december\/#breadcrumb","itemListElement":[{"@type":"ListItem","position":1,"name":"Portada","item":"https:\/\/hotelgrumsbarcelona.com\/"},{"@type":"ListItem","position":2,"name":"Le march\u00e9 m\u00e9di\u00e9val de Vic revient en d\u00e9cembre"}]},{"@type":"WebSite","@id":"https:\/\/hotelgrumsbarcelona.com\/#website","url":"https:\/\/hotelgrumsbarcelona.com\/","name":"Hotel Grums & SPA Barcelona","description":"Hotel Grums &amp; SPA en Barcelona. Hotel c\u00e9ntrico en Barcelona","publisher":{"@id":"https:\/\/hotelgrumsbarcelona.com\/#organization"},"alternateName":"Hotel Grums & SPA Barcelona","potentialAction":[{"@type":"SearchAction","target":{"@type":"EntryPoint","urlTemplate":"https:\/\/hotelgrumsbarcelona.com\/?s={search_term_string}"},"query-input":{"@type":"PropertyValueSpecification","valueRequired":true,"valueName":"search_term_string"}}],"inLanguage":"fr-FR"},{"@type":"Organization","@id":"https:\/\/hotelgrumsbarcelona.com\/#organization","name":"Hotel Grums Barcelona","url":"https:\/\/hotelgrumsbarcelona.com\/","logo":{"@type":"ImageObject","inLanguage":"fr-FR","@id":"https:\/\/hotelgrumsbarcelona.com\/#\/schema\/logo\/image\/","url":"https:\/\/hotelgrumsbarcelona.com\/wp-content\/uploads\/2025\/01\/cropped-Recurso-21.png","contentUrl":"https:\/\/hotelgrumsbarcelona.com\/wp-content\/uploads\/2025\/01\/cropped-Recurso-21.png","width":512,"height":512,"caption":"Hotel Grums Barcelona"},"image":{"@id":"https:\/\/hotelgrumsbarcelona.com\/#\/schema\/logo\/image\/"},"sameAs":["https:\/\/www.facebook.com\/HotelGrumsBarcelona\/","https:\/\/x.com\/grumsbarcelona","https:\/\/www.instagram.com\/grumshotelspa\/"]},{"@type":"Person","@id":"https:\/\/hotelgrumsbarcelona.com\/#\/schema\/person\/90db106d786ae7951d4282da0162fba3","name":"admin","image":{"@type":"ImageObject","inLanguage":"fr-FR","@id":"https:\/\/secure.gravatar.com\/avatar\/39b6f2bee72abd847a5feb3bf46900a793f8042f2a0e49b4c2749e2438d46e16?s=96&d=mm&r=g","url":"https:\/\/secure.gravatar.com\/avatar\/39b6f2bee72abd847a5feb3bf46900a793f8042f2a0e49b4c2749e2438d46e16?s=96&d=mm&r=g","contentUrl":"https:\/\/secure.gravatar.com\/avatar\/39b6f2bee72abd847a5feb3bf46900a793f8042f2a0e49b4c2749e2438d46e16?s=96&d=mm&r=g","caption":"admin"},"sameAs":["https:\/\/hotelgrumsbarcelona.com"]}]}},"_links":{"self":[{"href":"https:\/\/hotelgrumsbarcelona.com\/fr\/wp-json\/wp\/v2\/posts\/88051","targetHints":{"allow":["GET"]}}],"collection":[{"href":"https:\/\/hotelgrumsbarcelona.com\/fr\/wp-json\/wp\/v2\/posts"}],"about":[{"href":"https:\/\/hotelgrumsbarcelona.com\/fr\/wp-json\/wp\/v2\/types\/post"}],"author":[{"embeddable":true,"href":"https:\/\/hotelgrumsbarcelona.com\/fr\/wp-json\/wp\/v2\/users\/1"}],"replies":[{"embeddable":true,"href":"https:\/\/hotelgrumsbarcelona.com\/fr\/wp-json\/wp\/v2\/comments?post=88051"}],"version-history":[{"count":0,"href":"https:\/\/hotelgrumsbarcelona.com\/fr\/wp-json\/wp\/v2\/posts\/88051\/revisions"}],"wp:featuredmedia":[{"embeddable":true,"href":"https:\/\/hotelgrumsbarcelona.com\/fr\/wp-json\/wp\/v2\/media\/83346"}],"wp:attachment":[{"href":"https:\/\/hotelgrumsbarcelona.com\/fr\/wp-json\/wp\/v2\/media?parent=88051"}],"wp:term":[{"taxonomy":"category","embeddable":true,"href":"https:\/\/hotelgrumsbarcelona.com\/fr\/wp-json\/wp\/v2\/categories?post=88051"},{"taxonomy":"post_tag","embeddable":true,"href":"https:\/\/hotelgrumsbarcelona.com\/fr\/wp-json\/wp\/v2\/tags?post=88051"}],"curies":[{"name":"wp","href":"https:\/\/api.w.org\/{rel}","templated":true}]}}