{"id":89930,"date":"2023-06-12T10:00:24","date_gmt":"2023-06-12T10:00:24","guid":{"rendered":"https:\/\/hotelgrumsbarcelona.com\/?p=89930"},"modified":"2025-03-26T08:49:52","modified_gmt":"2025-03-26T08:49:52","slug":"erleben-sie-die-nacht-von-sant-joan-in-barcelona","status":"publish","type":"post","link":"https:\/\/hotelgrumsbarcelona.com\/de\/erleben-sie-die-nacht-von-sant-joan-in-barcelona\/","title":{"rendered":"Erleben Sie die Nacht von Sant Joan in Barcelona"},"content":{"rendered":"<h3>Erleben Sie die Nacht von Sant Joan in Barcelona<\/h3>\n<p>Die k\u00fcrzeste und magische Nacht des Jahres r\u00fcckt n\u00e4her, die Nacht von Sant Joan, die sowohl in Barcelona als auch im \u00fcbrigen Katalonien in der Nacht des 23. Juni gefeiert wird, die mit der Sommersonnenwende zusammenf\u00e4llt. Es handelt sich um eines der am tiefsten verwurzelten traditionellen Feste auf katalanischem Territorium, das mit dem Empfang der \u201eFlamme des Canig\u00f3\u201c beginnt, die die Freudenfeuer in allen Vierteln, Stra\u00dfen und Pl\u00e4tzen der St\u00e4dte und Gemeinden entz\u00fcndet.<\/p>\n<p>Der Ursprung der Feier von Sant Joan geht auf ein Jahrtausende altes heidnisches Fest zur\u00fcck, bei dem die Sonne verehrt wurde, um ihr Kraft auf den Weg zu immer k\u00fcrzeren Tagen zu schicken, und alle negativen Energien verbrannt wurden. , um a zu beginnen neue Phase des Wohlstands. Jahre sp\u00e4ter wurde dieses Fest christianisiert und so entstand die Feier der Geburt des Heiligen Johannes des T\u00e4ufers.<\/p>\n<p>Seitdem wird dieses Fest Jahr f\u00fcr Jahr gefeiert und passt sich jedes Jahr ein wenig mehr dem Fest an, das wir heute kennen, der Verbena de Sant Joan.<\/p>\n<h4>Traditionen des Sant Joan-Festes<\/h4>\n<p>Das Sant Joan-Fest hat verschiedene Traditionen und Br\u00e4uche, die diese Nacht zu einer der magischsten des Jahres machen. Einige dieser herausragendsten Traditionen sind die folgenden:<\/p>\n<h5>die Lagerfeuer<\/h5>\n<p>Die Freudenfeuer sind eine der \u00e4ltesten Traditionen der Nacht von Sant Joan. Sie leuchten, wenn die Sonne untergeht, und fressen die ganze Nacht bis zum Sonnenaufgang am n\u00e4chsten Tag. Das Wichtigste an dieser Tradition ist, dass sich die Menschen um die Lagerfeuer versammeln, um gemeinsam zu singen, zu tanzen und diese magische Nacht zu feiern.<\/p>\n<h5>Feuerwerksk\u00f6rper und Feuerwerk<\/h5>\n<p>Eine weitere tief verwurzelte Tradition der Nacht von Sant Joan in Barcelona ist das Feuerwerk. Die ganze Nacht \u00fcber erhellen B\u00f6ller und Feuerwerksk\u00f6rper den Himmel \u00fcber der Stadt.<\/p>\n<h5>\u201cEls Correfocs\u201d<\/h5>\n<p>\u201eEls correfocs\u201c ist eine der spektakul\u00e4rsten Traditionen der Sant Joan-Feierlichkeiten. Dies ist eine Show, die in den Stra\u00dfen von Barcelona stattfindet, wo das Publikum mit Feuer und \u201eels diables\u201c, den als D\u00e4monen verkleideten Protagonisten dieser Party, interagiert.<\/p>\n<p>Im Allgemeinen wird es nachts gefeiert, da dies der Moment ist, in dem die pyrotechnischen Elemente und das Feuer ihre gr\u00f6\u00dfte Pracht entfalten.<\/p>\n<h5>Koka von Sant Joan<\/h5>\n<p>Die Coca de Sant Joan ist ein sehr beliebtes Dessert, das am Abend des Festivals gegessen wird. Sie besteht aus Mehl, Zucker, Eiern und Schmalz und ist mit kandierten Fr\u00fcchten dekoriert, die der Coca ihre charakteristischen Farben verleihen.<\/p>\n<p>In den Tagen vor dem Fest f\u00fcllen die B\u00e4ckereien Barcelonas ihre Theken mit dieser typischen S\u00fc\u00dfigkeit, sowohl in ihrer klassischsten Version als auch in innovativeren Vorschl\u00e4gen mit verschiedenen Zutaten f\u00fcr jeden Geschmack.Wenn Sie einen der beliebtesten Abende in der Stadt Barcelona genie\u00dfen m\u00f6chten, z\u00f6gern Sie nicht, das Grums Hotel&amp;Spa zu besuchen. Seine Lage ist perfekt, um sowohl den Strand als auch die verschiedenen an diesem Tag geplanten Veranstaltungen genie\u00dfen zu k\u00f6nnen. Die Party ist mit Musik, beliebtem Essen und Feuerwerksk\u00f6rpern bis in die fr\u00fchen Morgenstunden garantiert. Lassen Sie sich das nicht entgehen!<\/p>\n<p style=\"text-align: left;\">Wenn Sie Fragen haben, z\u00f6gern Sie nicht, <a href=\"https:\/\/hotelgrumsbarcelona.com\/de\/grums-kontakt\/\">uns zu kontaktieren<\/a>.<\/p>\n","protected":false},"excerpt":{"rendered":"<p>Wir sprechen von der Nacht von Sant Joan, einem Fest, das in der Nacht vom 23. auf den 24. Juni gefeiert wird und mit der Sommersonnenwende zusammenf\u00e4llt, was es zur k\u00fcrzesten Nacht des Jahres und zu einer der magischsten macht. <\/p>\n","protected":false},"author":1,"featured_media":92949,"comment_status":"open","ping_status":"closed","sticky":false,"template":"","format":"standard","meta":{"_monsterinsights_skip_tracking":false,"_monsterinsights_sitenote_active":false,"_monsterinsights_sitenote_note":"","_monsterinsights_sitenote_category":0,"_uf_show_specific_survey":0,"_uf_disable_surveys":false,"footnotes":""},"categories":[72,83,84,85,73,87],"tags":[165,166,167,168,169,170,171,172],"class_list":["post-89930","post","type-post","status-publish","format-standard","has-post-thumbnail","hentry","category-die-architektur","category-draussen","category-kunste","category-lebensstil","category-orte-zum-besuchen","category-reise","tag-23-juni","tag-cola-von-sant-joan","tag-correfocs-de","tag-eisenkraut","tag-fest","tag-feuerwerkskorper","tag-lagerfeuer","tag-sant-joan-de"],"yoast_head":"<!-- This site is optimized with the Yoast SEO plugin v27.4 - https:\/\/yoast.com\/product\/yoast-seo-wordpress\/ -->\n<title>Erleben Sie die Nacht von Sant Joan in Barcelona<\/title>\n<meta name=\"description\" content=\"Die k\u00fcrzeste und magische Nacht des Jahres steht vor der T\u00fcr, die Nacht von Sant Joan, die mit der Sommersonnenwende zusammenf\u00e4llt.\" \/>\n<meta name=\"robots\" content=\"index, follow, max-snippet:-1, max-image-preview:large, max-video-preview:-1\" \/>\n<link rel=\"canonical\" href=\"https:\/\/hotelgrumsbarcelona.com\/vive-la-noche-de-sant-joan-en-barcelona\/\" \/>\n<meta property=\"og:locale\" content=\"de_DE\" \/>\n<meta property=\"og:type\" content=\"article\" \/>\n<meta property=\"og:title\" content=\"Erleben Sie die Nacht von Sant Joan in Barcelona\" \/>\n<meta property=\"og:description\" content=\"Die k\u00fcrzeste und magische Nacht des Jahres steht vor der T\u00fcr, die Nacht von Sant Joan, die mit der Sommersonnenwende zusammenf\u00e4llt.\" \/>\n<meta property=\"og:url\" content=\"https:\/\/hotelgrumsbarcelona.com\/vive-la-noche-de-sant-joan-en-barcelona\/\" \/>\n<meta property=\"og:site_name\" content=\"Grums\" \/>\n<meta property=\"article:publisher\" content=\"https:\/\/www.facebook.com\/HotelGrumsBarcelona\/\" \/>\n<meta property=\"article:published_time\" content=\"2023-06-12T10:00:24+00:00\" \/>\n<meta property=\"article:modified_time\" content=\"2025-03-26T08:49:52+00:00\" \/>\n<meta property=\"og:image\" content=\"https:\/\/hotelgrumsbarcelona.com\/wp-content\/uploads\/2023\/06\/shutterstock_1446993527-scaled-2.jpg\" \/>\n\t<meta property=\"og:image:width\" content=\"2560\" \/>\n\t<meta property=\"og:image:height\" content=\"1707\" \/>\n\t<meta property=\"og:image:type\" content=\"image\/jpeg\" \/>\n<meta name=\"author\" content=\"admin\" \/>\n<meta name=\"twitter:card\" content=\"summary_large_image\" \/>\n<meta name=\"twitter:creator\" content=\"@grumsbarcelona\" \/>\n<meta name=\"twitter:site\" content=\"@grumsbarcelona\" \/>\n<meta name=\"twitter:label1\" content=\"Verfasst von\" \/>\n\t<meta name=\"twitter:data1\" content=\"admin\" \/>\n\t<meta name=\"twitter:label2\" content=\"Gesch\u00e4tzte Lesezeit\" \/>\n\t<meta name=\"twitter:data2\" content=\"3\u00a0Minuten\" \/>\n<script type=\"application\/ld+json\" class=\"yoast-schema-graph\">{\"@context\":\"https:\\\/\\\/schema.org\",\"@graph\":[{\"@type\":\"Article\",\"@id\":\"https:\\\/\\\/hotelgrumsbarcelona.com\\\/vive-la-noche-de-sant-joan-en-barcelona\\\/#article\",\"isPartOf\":{\"@id\":\"https:\\\/\\\/hotelgrumsbarcelona.com\\\/vive-la-noche-de-sant-joan-en-barcelona\\\/\"},\"author\":{\"name\":\"admin\",\"@id\":\"https:\\\/\\\/hotelgrumsbarcelona.com\\\/#\\\/schema\\\/person\\\/90db106d786ae7951d4282da0162fba3\"},\"headline\":\"Erleben Sie die Nacht von Sant Joan in Barcelona\",\"datePublished\":\"2023-06-12T10:00:24+00:00\",\"dateModified\":\"2025-03-26T08:49:52+00:00\",\"mainEntityOfPage\":{\"@id\":\"https:\\\/\\\/hotelgrumsbarcelona.com\\\/vive-la-noche-de-sant-joan-en-barcelona\\\/\"},\"wordCount\":545,\"commentCount\":0,\"publisher\":{\"@id\":\"https:\\\/\\\/hotelgrumsbarcelona.com\\\/#organization\"},\"image\":{\"@id\":\"https:\\\/\\\/hotelgrumsbarcelona.com\\\/vive-la-noche-de-sant-joan-en-barcelona\\\/#primaryimage\"},\"thumbnailUrl\":\"https:\\\/\\\/hotelgrumsbarcelona.com\\\/wp-content\\\/uploads\\\/2023\\\/06\\\/shutterstock_1446993527-scaled-1.jpg\",\"keywords\":[\"23. Juni\",\"Cola von Sant Joan\",\"correfocs\",\"Eisenkraut\",\"Fest\",\"Feuerwerksk\u00f6rper\",\"Lagerfeuer\",\"Sant Joan\"],\"articleSection\":[\"Die Architektur\",\"Draussen\",\"K\u00fcnste\",\"Lebensstil\",\"Orte zum Besuchen\",\"Reise\"],\"inLanguage\":\"de\",\"potentialAction\":[{\"@type\":\"CommentAction\",\"name\":\"Comment\",\"target\":[\"https:\\\/\\\/hotelgrumsbarcelona.com\\\/vive-la-noche-de-sant-joan-en-barcelona\\\/#respond\"]}]},{\"@type\":\"WebPage\",\"@id\":\"https:\\\/\\\/hotelgrumsbarcelona.com\\\/vive-la-noche-de-sant-joan-en-barcelona\\\/\",\"url\":\"https:\\\/\\\/hotelgrumsbarcelona.com\\\/vive-la-noche-de-sant-joan-en-barcelona\\\/\",\"name\":\"Erleben Sie die Nacht von Sant Joan in Barcelona\",\"isPartOf\":{\"@id\":\"https:\\\/\\\/hotelgrumsbarcelona.com\\\/#website\"},\"primaryImageOfPage\":{\"@id\":\"https:\\\/\\\/hotelgrumsbarcelona.com\\\/vive-la-noche-de-sant-joan-en-barcelona\\\/#primaryimage\"},\"image\":{\"@id\":\"https:\\\/\\\/hotelgrumsbarcelona.com\\\/vive-la-noche-de-sant-joan-en-barcelona\\\/#primaryimage\"},\"thumbnailUrl\":\"https:\\\/\\\/hotelgrumsbarcelona.com\\\/wp-content\\\/uploads\\\/2023\\\/06\\\/shutterstock_1446993527-scaled-1.jpg\",\"datePublished\":\"2023-06-12T10:00:24+00:00\",\"dateModified\":\"2025-03-26T08:49:52+00:00\",\"description\":\"Die k\u00fcrzeste und magische Nacht des Jahres steht vor der T\u00fcr, die Nacht von Sant Joan, die mit der Sommersonnenwende zusammenf\u00e4llt.\",\"breadcrumb\":{\"@id\":\"https:\\\/\\\/hotelgrumsbarcelona.com\\\/vive-la-noche-de-sant-joan-en-barcelona\\\/#breadcrumb\"},\"inLanguage\":\"de\",\"potentialAction\":[{\"@type\":\"ReadAction\",\"target\":[\"https:\\\/\\\/hotelgrumsbarcelona.com\\\/vive-la-noche-de-sant-joan-en-barcelona\\\/\"]}]},{\"@type\":\"ImageObject\",\"inLanguage\":\"de\",\"@id\":\"https:\\\/\\\/hotelgrumsbarcelona.com\\\/vive-la-noche-de-sant-joan-en-barcelona\\\/#primaryimage\",\"url\":\"https:\\\/\\\/hotelgrumsbarcelona.com\\\/wp-content\\\/uploads\\\/2023\\\/06\\\/shutterstock_1446993527-scaled-1.jpg\",\"contentUrl\":\"https:\\\/\\\/hotelgrumsbarcelona.com\\\/wp-content\\\/uploads\\\/2023\\\/06\\\/shutterstock_1446993527-scaled-1.jpg\",\"width\":2560,\"height\":1707,\"caption\":\"Playa de Barcelona en Sant Joan\"},{\"@type\":\"BreadcrumbList\",\"@id\":\"https:\\\/\\\/hotelgrumsbarcelona.com\\\/vive-la-noche-de-sant-joan-en-barcelona\\\/#breadcrumb\",\"itemListElement\":[{\"@type\":\"ListItem\",\"position\":1,\"name\":\"Portada\",\"item\":\"https:\\\/\\\/hotelgrumsbarcelona.com\\\/\"},{\"@type\":\"ListItem\",\"position\":2,\"name\":\"Erleben Sie die Nacht von Sant Joan in Barcelona\"}]},{\"@type\":\"WebSite\",\"@id\":\"https:\\\/\\\/hotelgrumsbarcelona.com\\\/#website\",\"url\":\"https:\\\/\\\/hotelgrumsbarcelona.com\\\/\",\"name\":\"Hotel Grums & SPA Barcelona\",\"description\":\"Hotel Grums &amp; SPA en Barcelona. Hotel c\u00e9ntrico en Barcelona\",\"publisher\":{\"@id\":\"https:\\\/\\\/hotelgrumsbarcelona.com\\\/#organization\"},\"alternateName\":\"Hotel Grums & SPA Barcelona\",\"potentialAction\":[{\"@type\":\"SearchAction\",\"target\":{\"@type\":\"EntryPoint\",\"urlTemplate\":\"https:\\\/\\\/hotelgrumsbarcelona.com\\\/?s={search_term_string}\"},\"query-input\":{\"@type\":\"PropertyValueSpecification\",\"valueRequired\":true,\"valueName\":\"search_term_string\"}}],\"inLanguage\":\"de\"},{\"@type\":\"Organization\",\"@id\":\"https:\\\/\\\/hotelgrumsbarcelona.com\\\/#organization\",\"name\":\"Hotel Grums Barcelona\",\"url\":\"https:\\\/\\\/hotelgrumsbarcelona.com\\\/\",\"logo\":{\"@type\":\"ImageObject\",\"inLanguage\":\"de\",\"@id\":\"https:\\\/\\\/hotelgrumsbarcelona.com\\\/#\\\/schema\\\/logo\\\/image\\\/\",\"url\":\"https:\\\/\\\/hotelgrumsbarcelona.com\\\/wp-content\\\/uploads\\\/2025\\\/01\\\/cropped-Recurso-21.png\",\"contentUrl\":\"https:\\\/\\\/hotelgrumsbarcelona.com\\\/wp-content\\\/uploads\\\/2025\\\/01\\\/cropped-Recurso-21.png\",\"width\":512,\"height\":512,\"caption\":\"Hotel Grums Barcelona\"},\"image\":{\"@id\":\"https:\\\/\\\/hotelgrumsbarcelona.com\\\/#\\\/schema\\\/logo\\\/image\\\/\"},\"sameAs\":[\"https:\\\/\\\/www.facebook.com\\\/HotelGrumsBarcelona\\\/\",\"https:\\\/\\\/x.com\\\/grumsbarcelona\",\"https:\\\/\\\/www.instagram.com\\\/grumshotelspa\\\/\"]},{\"@type\":\"Person\",\"@id\":\"https:\\\/\\\/hotelgrumsbarcelona.com\\\/#\\\/schema\\\/person\\\/90db106d786ae7951d4282da0162fba3\",\"name\":\"admin\",\"image\":{\"@type\":\"ImageObject\",\"inLanguage\":\"de\",\"@id\":\"https:\\\/\\\/secure.gravatar.com\\\/avatar\\\/39b6f2bee72abd847a5feb3bf46900a793f8042f2a0e49b4c2749e2438d46e16?s=96&d=mm&r=g\",\"url\":\"https:\\\/\\\/secure.gravatar.com\\\/avatar\\\/39b6f2bee72abd847a5feb3bf46900a793f8042f2a0e49b4c2749e2438d46e16?s=96&d=mm&r=g\",\"contentUrl\":\"https:\\\/\\\/secure.gravatar.com\\\/avatar\\\/39b6f2bee72abd847a5feb3bf46900a793f8042f2a0e49b4c2749e2438d46e16?s=96&d=mm&r=g\",\"caption\":\"admin\"},\"sameAs\":[\"https:\\\/\\\/hotelgrumsbarcelona.com\"]}]}<\/script>\n<!-- \/ Yoast SEO plugin. -->","yoast_head_json":{"title":"Erleben Sie die Nacht von Sant Joan in Barcelona","description":"Die k\u00fcrzeste und magische Nacht des Jahres steht vor der T\u00fcr, die Nacht von Sant Joan, die mit der Sommersonnenwende zusammenf\u00e4llt.","robots":{"index":"index","follow":"follow","max-snippet":"max-snippet:-1","max-image-preview":"max-image-preview:large","max-video-preview":"max-video-preview:-1"},"canonical":"https:\/\/hotelgrumsbarcelona.com\/vive-la-noche-de-sant-joan-en-barcelona\/","og_locale":"de_DE","og_type":"article","og_title":"Erleben Sie die Nacht von Sant Joan in Barcelona","og_description":"Die k\u00fcrzeste und magische Nacht des Jahres steht vor der T\u00fcr, die Nacht von Sant Joan, die mit der Sommersonnenwende zusammenf\u00e4llt.","og_url":"https:\/\/hotelgrumsbarcelona.com\/vive-la-noche-de-sant-joan-en-barcelona\/","og_site_name":"Grums","article_publisher":"https:\/\/www.facebook.com\/HotelGrumsBarcelona\/","article_published_time":"2023-06-12T10:00:24+00:00","article_modified_time":"2025-03-26T08:49:52+00:00","og_image":[{"width":2560,"height":1707,"url":"https:\/\/hotelgrumsbarcelona.com\/wp-content\/uploads\/2023\/06\/shutterstock_1446993527-scaled-2.jpg","type":"image\/jpeg"}],"author":"admin","twitter_card":"summary_large_image","twitter_creator":"@grumsbarcelona","twitter_site":"@grumsbarcelona","twitter_misc":{"Verfasst von":"admin","Gesch\u00e4tzte Lesezeit":"3\u00a0Minuten"},"schema":{"@context":"https:\/\/schema.org","@graph":[{"@type":"Article","@id":"https:\/\/hotelgrumsbarcelona.com\/vive-la-noche-de-sant-joan-en-barcelona\/#article","isPartOf":{"@id":"https:\/\/hotelgrumsbarcelona.com\/vive-la-noche-de-sant-joan-en-barcelona\/"},"author":{"name":"admin","@id":"https:\/\/hotelgrumsbarcelona.com\/#\/schema\/person\/90db106d786ae7951d4282da0162fba3"},"headline":"Erleben Sie die Nacht von Sant Joan in Barcelona","datePublished":"2023-06-12T10:00:24+00:00","dateModified":"2025-03-26T08:49:52+00:00","mainEntityOfPage":{"@id":"https:\/\/hotelgrumsbarcelona.com\/vive-la-noche-de-sant-joan-en-barcelona\/"},"wordCount":545,"commentCount":0,"publisher":{"@id":"https:\/\/hotelgrumsbarcelona.com\/#organization"},"image":{"@id":"https:\/\/hotelgrumsbarcelona.com\/vive-la-noche-de-sant-joan-en-barcelona\/#primaryimage"},"thumbnailUrl":"https:\/\/hotelgrumsbarcelona.com\/wp-content\/uploads\/2023\/06\/shutterstock_1446993527-scaled-1.jpg","keywords":["23. Juni","Cola von Sant Joan","correfocs","Eisenkraut","Fest","Feuerwerksk\u00f6rper","Lagerfeuer","Sant Joan"],"articleSection":["Die Architektur","Draussen","K\u00fcnste","Lebensstil","Orte zum Besuchen","Reise"],"inLanguage":"de","potentialAction":[{"@type":"CommentAction","name":"Comment","target":["https:\/\/hotelgrumsbarcelona.com\/vive-la-noche-de-sant-joan-en-barcelona\/#respond"]}]},{"@type":"WebPage","@id":"https:\/\/hotelgrumsbarcelona.com\/vive-la-noche-de-sant-joan-en-barcelona\/","url":"https:\/\/hotelgrumsbarcelona.com\/vive-la-noche-de-sant-joan-en-barcelona\/","name":"Erleben Sie die Nacht von Sant Joan in Barcelona","isPartOf":{"@id":"https:\/\/hotelgrumsbarcelona.com\/#website"},"primaryImageOfPage":{"@id":"https:\/\/hotelgrumsbarcelona.com\/vive-la-noche-de-sant-joan-en-barcelona\/#primaryimage"},"image":{"@id":"https:\/\/hotelgrumsbarcelona.com\/vive-la-noche-de-sant-joan-en-barcelona\/#primaryimage"},"thumbnailUrl":"https:\/\/hotelgrumsbarcelona.com\/wp-content\/uploads\/2023\/06\/shutterstock_1446993527-scaled-1.jpg","datePublished":"2023-06-12T10:00:24+00:00","dateModified":"2025-03-26T08:49:52+00:00","description":"Die k\u00fcrzeste und magische Nacht des Jahres steht vor der T\u00fcr, die Nacht von Sant Joan, die mit der Sommersonnenwende zusammenf\u00e4llt.","breadcrumb":{"@id":"https:\/\/hotelgrumsbarcelona.com\/vive-la-noche-de-sant-joan-en-barcelona\/#breadcrumb"},"inLanguage":"de","potentialAction":[{"@type":"ReadAction","target":["https:\/\/hotelgrumsbarcelona.com\/vive-la-noche-de-sant-joan-en-barcelona\/"]}]},{"@type":"ImageObject","inLanguage":"de","@id":"https:\/\/hotelgrumsbarcelona.com\/vive-la-noche-de-sant-joan-en-barcelona\/#primaryimage","url":"https:\/\/hotelgrumsbarcelona.com\/wp-content\/uploads\/2023\/06\/shutterstock_1446993527-scaled-1.jpg","contentUrl":"https:\/\/hotelgrumsbarcelona.com\/wp-content\/uploads\/2023\/06\/shutterstock_1446993527-scaled-1.jpg","width":2560,"height":1707,"caption":"Playa de Barcelona en Sant Joan"},{"@type":"BreadcrumbList","@id":"https:\/\/hotelgrumsbarcelona.com\/vive-la-noche-de-sant-joan-en-barcelona\/#breadcrumb","itemListElement":[{"@type":"ListItem","position":1,"name":"Portada","item":"https:\/\/hotelgrumsbarcelona.com\/"},{"@type":"ListItem","position":2,"name":"Erleben Sie die Nacht von Sant Joan in Barcelona"}]},{"@type":"WebSite","@id":"https:\/\/hotelgrumsbarcelona.com\/#website","url":"https:\/\/hotelgrumsbarcelona.com\/","name":"Hotel Grums & SPA Barcelona","description":"Hotel Grums &amp; SPA en Barcelona. Hotel c\u00e9ntrico en Barcelona","publisher":{"@id":"https:\/\/hotelgrumsbarcelona.com\/#organization"},"alternateName":"Hotel Grums & SPA Barcelona","potentialAction":[{"@type":"SearchAction","target":{"@type":"EntryPoint","urlTemplate":"https:\/\/hotelgrumsbarcelona.com\/?s={search_term_string}"},"query-input":{"@type":"PropertyValueSpecification","valueRequired":true,"valueName":"search_term_string"}}],"inLanguage":"de"},{"@type":"Organization","@id":"https:\/\/hotelgrumsbarcelona.com\/#organization","name":"Hotel Grums Barcelona","url":"https:\/\/hotelgrumsbarcelona.com\/","logo":{"@type":"ImageObject","inLanguage":"de","@id":"https:\/\/hotelgrumsbarcelona.com\/#\/schema\/logo\/image\/","url":"https:\/\/hotelgrumsbarcelona.com\/wp-content\/uploads\/2025\/01\/cropped-Recurso-21.png","contentUrl":"https:\/\/hotelgrumsbarcelona.com\/wp-content\/uploads\/2025\/01\/cropped-Recurso-21.png","width":512,"height":512,"caption":"Hotel Grums Barcelona"},"image":{"@id":"https:\/\/hotelgrumsbarcelona.com\/#\/schema\/logo\/image\/"},"sameAs":["https:\/\/www.facebook.com\/HotelGrumsBarcelona\/","https:\/\/x.com\/grumsbarcelona","https:\/\/www.instagram.com\/grumshotelspa\/"]},{"@type":"Person","@id":"https:\/\/hotelgrumsbarcelona.com\/#\/schema\/person\/90db106d786ae7951d4282da0162fba3","name":"admin","image":{"@type":"ImageObject","inLanguage":"de","@id":"https:\/\/secure.gravatar.com\/avatar\/39b6f2bee72abd847a5feb3bf46900a793f8042f2a0e49b4c2749e2438d46e16?s=96&d=mm&r=g","url":"https:\/\/secure.gravatar.com\/avatar\/39b6f2bee72abd847a5feb3bf46900a793f8042f2a0e49b4c2749e2438d46e16?s=96&d=mm&r=g","contentUrl":"https:\/\/secure.gravatar.com\/avatar\/39b6f2bee72abd847a5feb3bf46900a793f8042f2a0e49b4c2749e2438d46e16?s=96&d=mm&r=g","caption":"admin"},"sameAs":["https:\/\/hotelgrumsbarcelona.com"]}]}},"_links":{"self":[{"href":"https:\/\/hotelgrumsbarcelona.com\/de\/wp-json\/wp\/v2\/posts\/89930","targetHints":{"allow":["GET"]}}],"collection":[{"href":"https:\/\/hotelgrumsbarcelona.com\/de\/wp-json\/wp\/v2\/posts"}],"about":[{"href":"https:\/\/hotelgrumsbarcelona.com\/de\/wp-json\/wp\/v2\/types\/post"}],"author":[{"embeddable":true,"href":"https:\/\/hotelgrumsbarcelona.com\/de\/wp-json\/wp\/v2\/users\/1"}],"replies":[{"embeddable":true,"href":"https:\/\/hotelgrumsbarcelona.com\/de\/wp-json\/wp\/v2\/comments?post=89930"}],"version-history":[{"count":0,"href":"https:\/\/hotelgrumsbarcelona.com\/de\/wp-json\/wp\/v2\/posts\/89930\/revisions"}],"wp:featuredmedia":[{"embeddable":true,"href":"https:\/\/hotelgrumsbarcelona.com\/de\/wp-json\/wp\/v2\/media\/92949"}],"wp:attachment":[{"href":"https:\/\/hotelgrumsbarcelona.com\/de\/wp-json\/wp\/v2\/media?parent=89930"}],"wp:term":[{"taxonomy":"category","embeddable":true,"href":"https:\/\/hotelgrumsbarcelona.com\/de\/wp-json\/wp\/v2\/categories?post=89930"},{"taxonomy":"post_tag","embeddable":true,"href":"https:\/\/hotelgrumsbarcelona.com\/de\/wp-json\/wp\/v2\/tags?post=89930"}],"curies":[{"name":"wp","href":"https:\/\/api.w.org\/{rel}","templated":true}]}}